{"id":424,"date":"2026-02-12T16:43:45","date_gmt":"2026-02-12T15:43:45","guid":{"rendered":"https:\/\/network.cresciamoinsieme.gemos.it\/unionerubiconemare\/?p=424"},"modified":"2026-02-12T16:43:45","modified_gmt":"2026-02-12T15:43:45","slug":"la-cena-dopo-la-mensa","status":"publish","type":"post","link":"https:\/\/network.cresciamoinsieme.gemos.it\/unionerubiconemare\/2026\/02\/12\/la-cena-dopo-la-mensa\/","title":{"rendered":"La cena dopo la mensa"},"content":{"rendered":"\n<h4 class=\"wp-block-heading\">Continuit\u00e0 educativa tra scuola e famiglia<\/h4>\n\n\n\n<p>Quando i bambini pranzano a scuola, la cena rappresenta un momento prezioso non solo dal punto di vista nutrizionale, ma anche educativo.<br>Scuola e famiglia, infatti, condividono un obiettivo comune: accompagnare i bambini verso abitudini alimentari corrette, equilibrate e sostenibili nel tempo.<\/p>\n\n\n\n<p>Pensare alla cena come al naturale completamento del pasto consumato in mensa permette di offrire proposte coerenti, evitando ripetizioni e favorendo una maggiore variet\u00e0 degli alimenti.<\/p>\n\n\n\n<h4 class=\"wp-block-heading\"><strong>\ud83c\udf31 Il men\u00f9 scolastico come punto di partenza<\/strong><\/h4>\n\n\n\n<p>Consultare regolarmente il men\u00f9 della mensa aiuta genitori e insegnanti a orientare le scelte alimentari della giornata.<\/p>\n\n\n\n<p>In linea generale:<\/p>\n\n\n\n<ul class=\"wp-block-list\">\n<li>un pranzo ricco di cereali e proteine pu\u00f2 essere seguito da una cena pi\u00f9 leggera e vegetale;<\/li>\n\n\n\n<li>un pranzo con carne pu\u00f2 essere bilanciato da una cena a base di pesce, uova o legumi;<\/li>\n\n\n\n<li>un piatto unico pu\u00f2 essere completato la sera con verdure e una fonte proteica semplice.<\/li>\n<\/ul>\n\n\n\n<p>Non \u00e8 necessario che ogni pasto sia strutturato in modo rigido: ci\u00f2 che conta \u00e8 l\u2019<strong>equilibrio complessivo<\/strong>, osservato nell\u2019arco della giornata e della settimana.<\/p>\n\n\n\n<hr class=\"wp-block-separator has-alpha-channel-opacity\"\/>\n\n\n\n<h4 class=\"wp-block-heading\"><strong>\u2696\ufe0f Principi di equilibrio alimentare<\/strong><\/h4>\n\n\n\n<p>Per favorire una corretta distribuzione degli alimenti \u00e8 utile ricordare che:<\/p>\n\n\n\n<ul class=\"wp-block-list\">\n<li>le fonti proteiche (carne, pesce, uova, legumi, formaggi) andrebbero <strong>alternate<\/strong> nel corso della settimana;<\/li>\n\n\n\n<li>verdura e frutta dovrebbero essere presenti ogni giorno, sia a pranzo che a cena;<\/li>\n\n\n\n<li>la cena pu\u00f2 prevedere piatti semplici, come minestre, piatti unici ben bilanciati o secondi leggeri accompagnati da verdure;<\/li>\n\n\n\n<li>cotture semplici (forno, vapore, padella con poco condimento) favoriscono digeribilit\u00e0 e qualit\u00e0 nutrizionale.<\/li>\n<\/ul>\n\n\n\n<p>In questo modo si crea una reale <strong>continuit\u00e0 tra mensa scolastica e ambiente domestico<\/strong>, rafforzando messaggi educativi coerenti.<\/p>\n\n\n\n<hr class=\"wp-block-separator has-alpha-channel-opacity\"\/>\n\n\n\n<h4 class=\"wp-block-heading\"><strong>\ud83e\udd1d Un\u2019opportunit\u00e0 educativa condivisa<\/strong><\/h4>\n\n\n\n<p>La cena \u00e8 anche un momento relazionale: coinvolgere i bambini nella scelta e nella preparazione dei pasti favorisce un rapporto pi\u00f9 sereno con il cibo e sostiene lo sviluppo dell\u2019autonomia e della curiosit\u00e0 alimentare.<\/p>\n\n\n\n<p>Anche per gli insegnanti, proporre attivit\u00e0 di educazione alimentare collegate alla quotidianit\u00e0 pu\u00f2 aiutare a rendere pi\u00f9 significativo il lavoro svolto in mensa.<\/p>\n\n\n\n<hr class=\"wp-block-separator has-alpha-channel-opacity\"\/>\n\n\n\n<h4 class=\"wp-block-heading\"><strong>\ud83c\udf7d\ufe0f Esempi di abbinamento pranzo\u2013cena<\/strong><\/h4>\n\n\n\n<ul class=\"wp-block-list\">\n<li>\ud83c\udf5d Pranzo a base di pasta \u2192 cena con verdure e pesce o uova<\/li>\n\n\n\n<li>\ud83c\udf57 Pranzo con carne \u2192 cena con legumi o passato di verdure<\/li>\n\n\n\n<li>\ud83e\uddc0 Pranzo con formaggio \u2192 cena con pesce o carne magra e contorno<\/li>\n\n\n\n<li>\ud83c\udf5a Piatto unico a pranzo \u2192 cena semplice con verdure e una fonte proteica leggera<\/li>\n<\/ul>\n\n\n\n<h4 class=\"wp-block-heading\"><strong><strong>\ud83e\udd57 4 proposte pratiche per la cena<\/strong><\/strong><\/h4>\n\n\n\n<div class=\"wp-block-columns alignfull is-layout-flex wp-container-core-columns-is-layout-28f84493 wp-block-columns-is-layout-flex\">\n<div class=\"wp-block-column is-layout-flow wp-block-column-is-layout-flow\" style=\"flex-basis:50%\">\n<div class=\"wp-block-cover is-light\" style=\"min-height:600px;aspect-ratio:unset;\"><span aria-hidden=\"true\" class=\"wp-block-cover__background has-background-dim-100 has-background-dim\" style=\"background-color:#f6f6f6\"><\/span><div class=\"wp-block-cover__inner-container is-layout-flow wp-block-cover-is-layout-flow\">\n<figure class=\"wp-block-image aligncenter size-medium is-resized\"><img decoding=\"async\" src=\"http:\/\/network.cresciamoinsieme.gemos.it\/unione-della-romagna-faentina\/wp-content\/uploads\/sites\/2\/2026\/02\/2-300x196.png\" alt=\"\" class=\"wp-image-2018\" style=\"width:488px;height:auto\"\/><\/figure>\n<\/div><\/div>\n<\/div>\n\n\n\n<div class=\"wp-block-column is-vertically-aligned-center is-layout-flow wp-block-column-is-layout-flow\" style=\"padding-top:1em;padding-right:1em;padding-bottom:1em;padding-left:1em\">\n<div class=\"wp-block-columns is-layout-flex wp-container-core-columns-is-layout-28f84493 wp-block-columns-is-layout-flex\">\n<div class=\"wp-block-column is-layout-flow wp-block-column-is-layout-flow\" style=\"flex-basis:320px\">\n<h4 class=\"wp-block-heading has-text-align-center has-large-font-size\"><strong>&nbsp;Passato di zucchine e piselli<\/strong><\/h4>\n\n\n\n<p class=\"has-text-align-center has-medium-font-size\" style=\"line-height:1.6\">Verdure cotte in poca acqua, frullate e condite con olio a crudo.<br>\ud83d\udc49 Ideale come base vegetale della cena, da completare con pane o una fonte proteica.<\/p>\n<\/div>\n<\/div>\n<\/div>\n<\/div>\n\n\n\n<div class=\"wp-block-columns alignfull is-layout-flex wp-container-core-columns-is-layout-28f84493 wp-block-columns-is-layout-flex\">\n<div class=\"wp-block-column is-layout-flow wp-block-column-is-layout-flow\" style=\"flex-basis:50%\">\n<div class=\"wp-block-cover\" style=\"min-height:600px;aspect-ratio:unset;\"><span aria-hidden=\"true\" class=\"wp-block-cover__background has-background-dim-100 has-background-dim\" style=\"background-color:#f6f6f6\"><\/span><div class=\"wp-block-cover__inner-container is-layout-flow wp-block-cover-is-layout-flow\">\n<figure class=\"wp-block-image aligncenter size-medium is-resized\"><img decoding=\"async\" src=\"http:\/\/network.cresciamoinsieme.gemos.it\/unione-della-romagna-faentina\/wp-content\/uploads\/sites\/2\/2026\/02\/3-300x196.png\" alt=\"\" class=\"wp-image-2019\" style=\"width:488px;height:auto\"\/><\/figure>\n<\/div><\/div>\n<\/div>\n\n\n\n<div class=\"wp-block-column is-vertically-aligned-center is-layout-flow wp-block-column-is-layout-flow\" style=\"padding-top:1em;padding-right:1em;padding-bottom:1em;padding-left:1em\">\n<div class=\"wp-block-columns is-layout-flex wp-container-core-columns-is-layout-28f84493 wp-block-columns-is-layout-flex\">\n<div class=\"wp-block-column is-layout-flow wp-block-column-is-layout-flow\" style=\"flex-basis:320px\">\n<h4 class=\"wp-block-heading has-text-align-center has-large-font-size\"><strong>&nbsp;<strong>Uova strapazzate con verdure di stagione<\/strong><\/strong><\/h4>\n\n\n\n<p class=\"has-text-align-center has-medium-font-size\" style=\"line-height:1.6\">Uova cotte dolcemente e abbinate a spinaci, carote o zucchine.<br>\ud83d\udc49 Preparazione rapida, digeribile e nutrizionalmente completa.<\/p>\n<\/div>\n<\/div>\n<\/div>\n<\/div>\n\n\n\n<div class=\"wp-block-columns alignfull is-layout-flex wp-container-core-columns-is-layout-28f84493 wp-block-columns-is-layout-flex\">\n<div class=\"wp-block-column is-layout-flow wp-block-column-is-layout-flow\" style=\"flex-basis:50%\">\n<div class=\"wp-block-cover\" style=\"min-height:600px;aspect-ratio:unset;\"><span aria-hidden=\"true\" class=\"wp-block-cover__background has-background-dim-100 has-background-dim\" style=\"background-color:#f6f6f6\"><\/span><div class=\"wp-block-cover__inner-container is-layout-flow wp-block-cover-is-layout-flow\">\n<figure class=\"wp-block-image aligncenter size-medium is-resized\"><img decoding=\"async\" src=\"http:\/\/network.cresciamoinsieme.gemos.it\/unione-della-romagna-faentina\/wp-content\/uploads\/sites\/2\/2026\/02\/4-300x196.png\" alt=\"\" class=\"wp-image-2020\" style=\"width:488px;height:auto\"\/><\/figure>\n<\/div><\/div>\n<\/div>\n\n\n\n<div class=\"wp-block-column is-vertically-aligned-center is-layout-flow wp-block-column-is-layout-flow\" style=\"padding-top:1em;padding-right:1em;padding-bottom:1em;padding-left:1em\">\n<div class=\"wp-block-columns is-layout-flex wp-container-core-columns-is-layout-28f84493 wp-block-columns-is-layout-flex\">\n<div class=\"wp-block-column is-layout-flow wp-block-column-is-layout-flow\" style=\"flex-basis:320px\">\n<h4 class=\"wp-block-heading has-text-align-center has-large-font-size\"><strong><strong>Tortino morbido di ricotta e verdure<\/strong><\/strong><\/h4>\n\n\n\n<p class=\"has-text-align-center has-medium-font-size\" style=\"line-height:1.6\">Ricotta, verdure cotte, uovo e parmigiano, al forno per circa 25 minuti.<br>\ud83d\udc49 Adatto anche ai bambini pi\u00f9 piccoli, ottimo come secondo piatto.<\/p>\n<\/div>\n<\/div>\n<\/div>\n<\/div>\n\n\n\n<div class=\"wp-block-columns alignfull is-layout-flex wp-container-core-columns-is-layout-28f84493 wp-block-columns-is-layout-flex\">\n<div class=\"wp-block-column is-layout-flow wp-block-column-is-layout-flow\" style=\"flex-basis:50%\">\n<div class=\"wp-block-cover\" style=\"min-height:600px;aspect-ratio:unset;\"><span aria-hidden=\"true\" class=\"wp-block-cover__background has-background-dim-100 has-background-dim\" style=\"background-color:#f6f6f6\"><\/span><div class=\"wp-block-cover__inner-container is-layout-flow wp-block-cover-is-layout-flow\">\n<figure class=\"wp-block-image aligncenter size-medium is-resized\"><img decoding=\"async\" src=\"http:\/\/network.cresciamoinsieme.gemos.it\/unione-della-romagna-faentina\/wp-content\/uploads\/sites\/2\/2026\/02\/5-300x196.png\" alt=\"\" class=\"wp-image-2021\" style=\"width:488px;height:auto\"\/><\/figure>\n<\/div><\/div>\n<\/div>\n\n\n\n<div class=\"wp-block-column is-vertically-aligned-center is-layout-flow wp-block-column-is-layout-flow\" style=\"padding-top:1em;padding-right:1em;padding-bottom:1em;padding-left:1em\">\n<div class=\"wp-block-columns is-layout-flex wp-container-core-columns-is-layout-28f84493 wp-block-columns-is-layout-flex\">\n<div class=\"wp-block-column is-layout-flow wp-block-column-is-layout-flow\" style=\"flex-basis:320px\">\n<h4 class=\"wp-block-heading has-text-align-center has-large-font-size\"><strong><strong><strong>Bastoncini di pesce al forno<\/strong><\/strong><\/strong><\/h4>\n\n\n\n<p class=\"has-text-align-center has-medium-font-size\" style=\"line-height:1.6\">Filetti impanati e cotti al forno con poco olio e limone.<br>\ud83d\udc49 Un\u2019alternativa semplice e gradita al classico secondo di pesce.<\/p>\n<\/div>\n<\/div>\n<\/div>\n<\/div>\n\n\n\n<h4 class=\"wp-block-heading\"><strong>\ud83e\udde1 In conclusione<\/strong><\/h4>\n\n\n\n<p>Costruire un dialogo tra ci\u00f2 che viene proposto in mensa e ci\u00f2 che viene portato in tavola a casa rafforza l\u2019efficacia dell\u2019educazione alimentare.<br>Attraverso scelte semplici, condivise e coerenti, adulti e bambini possono essere accompagnati verso abitudini sane, flessibili e durature.<\/p>\n","protected":false},"excerpt":{"rendered":"<p>Continuit\u00e0 educativa tra scuola e famiglia Quando i bambini pranzano a scuola, la cena rappresenta un momento prezioso non solo dal punto di vista nutrizionale, ma anche educativo.Scuola e famiglia, infatti, condividono un obiettivo comune: accompagnare i bambini verso abitudini alimentari corrette, equilibrate e sostenibili nel tempo. Pensare alla cena come al naturale completamento del [&hellip;]<\/p>\n","protected":false},"author":1,"featured_media":425,"comment_status":"open","ping_status":"open","sticky":false,"template":"","format":"standard","meta":{"_editorskit_title_hidden":false,"_editorskit_reading_time":0,"_editorskit_is_block_options_detached":false,"_editorskit_block_options_position":"{}","footnotes":""},"categories":[108],"tags":[132],"nf_school_contract":[100],"class_list":["post-424","post","type-post","status-publish","format-standard","has-post-thumbnail","hentry","category-notizie","tag-la-cena-dopo-la-mensa","nf_school_contract-unione-rubicone-mare"],"aioseo_notices":[],"_links":{"self":[{"href":"https:\/\/network.cresciamoinsieme.gemos.it\/unionerubiconemare\/wp-json\/wp\/v2\/posts\/424","targetHints":{"allow":["GET"]}}],"collection":[{"href":"https:\/\/network.cresciamoinsieme.gemos.it\/unionerubiconemare\/wp-json\/wp\/v2\/posts"}],"about":[{"href":"https:\/\/network.cresciamoinsieme.gemos.it\/unionerubiconemare\/wp-json\/wp\/v2\/types\/post"}],"author":[{"embeddable":true,"href":"https:\/\/network.cresciamoinsieme.gemos.it\/unionerubiconemare\/wp-json\/wp\/v2\/users\/1"}],"replies":[{"embeddable":true,"href":"https:\/\/network.cresciamoinsieme.gemos.it\/unionerubiconemare\/wp-json\/wp\/v2\/comments?post=424"}],"version-history":[{"count":1,"href":"https:\/\/network.cresciamoinsieme.gemos.it\/unionerubiconemare\/wp-json\/wp\/v2\/posts\/424\/revisions"}],"predecessor-version":[{"id":426,"href":"https:\/\/network.cresciamoinsieme.gemos.it\/unionerubiconemare\/wp-json\/wp\/v2\/posts\/424\/revisions\/426"}],"wp:featuredmedia":[{"embeddable":true,"href":"https:\/\/network.cresciamoinsieme.gemos.it\/unionerubiconemare\/wp-json\/wp\/v2\/media\/425"}],"wp:attachment":[{"href":"https:\/\/network.cresciamoinsieme.gemos.it\/unionerubiconemare\/wp-json\/wp\/v2\/media?parent=424"}],"wp:term":[{"taxonomy":"category","embeddable":true,"href":"https:\/\/network.cresciamoinsieme.gemos.it\/unionerubiconemare\/wp-json\/wp\/v2\/categories?post=424"},{"taxonomy":"post_tag","embeddable":true,"href":"https:\/\/network.cresciamoinsieme.gemos.it\/unionerubiconemare\/wp-json\/wp\/v2\/tags?post=424"},{"taxonomy":"nf_school_contract","embeddable":true,"href":"https:\/\/network.cresciamoinsieme.gemos.it\/unionerubiconemare\/wp-json\/wp\/v2\/nf_school_contract?post=424"}],"curies":[{"name":"wp","href":"https:\/\/api.w.org\/{rel}","templated":true}]}}