{"id":314,"date":"2026-01-27T12:51:27","date_gmt":"2026-01-27T11:51:27","guid":{"rendered":"https:\/\/network.cresciamoinsieme.gemos.it\/unionerubiconemare\/?p=314"},"modified":"2026-02-20T08:40:50","modified_gmt":"2026-02-20T07:40:50","slug":"la-verdura-e-preziosa","status":"publish","type":"post","link":"https:\/\/network.cresciamoinsieme.gemos.it\/unionerubiconemare\/2026\/01\/27\/la-verdura-e-preziosa\/","title":{"rendered":"LA VERDURA \u00c8 PREZIOSA"},"content":{"rendered":"\n<p><strong>LA VERDURA \u00c8 PREZIOSA. All\u2019interno del Nido Il Bruco<\/strong><br><em>A San Mauro Pascoli un progetto di educazione alimentare per i pi\u00f9 piccoli<\/em><\/p>\n\n\n\n<p>A San Mauro Pascoli prende avvio <strong>\u201cLa verdura \u00e8 preziosa\u201d<\/strong>, un progetto di educazione alimentare rivolto ai bambini del <strong>Nido Il Bruco<\/strong>, pensato per favorire un primo e positivo avvicinamento al mondo vegetale attraverso un\u2019esperienza diretta, sensoriale e ludica.<\/p>\n\n\n\n<p>Il percorso si articola in <strong>quattro giornate<\/strong> \u2013 <strong>27 gennaio, 29 gennaio, 3 febbraio e 5 febbraio<\/strong> \u2013 durante le quali i bambini saranno coinvolti in attivit\u00e0 di esplorazione, gioco e manipolazione delle verdure. In ciascuna data, Gemos fornir\u00e0 alla struttura <strong>un chilo di verdura<\/strong>, per un totale di <strong>4 kg complessivi<\/strong>: spinaci (27 gennaio), broccoli (29 gennaio), cavolfiori (3 febbraio) e carote (5 febbraio).<\/p>\n\n\n\n<div style=\"height:13px\" aria-hidden=\"true\" class=\"wp-block-spacer\"><\/div>\n\n\n\n<div class=\"wp-block-columns is-layout-flex wp-container-core-columns-is-layout-28f84493 wp-block-columns-is-layout-flex\">\n<div class=\"wp-block-column is-layout-flow wp-block-column-is-layout-flow\">\n<figure class=\"wp-block-image aligncenter size-full\"><img loading=\"lazy\" decoding=\"async\" width=\"400\" height=\"400\" src=\"https:\/\/network.cresciamoinsieme.gemos.it\/unionerubiconemare\/wp-content\/uploads\/sites\/8\/2026\/01\/1-1.png\" alt=\"\" class=\"wp-image-446\" srcset=\"https:\/\/network.cresciamoinsieme.gemos.it\/unionerubiconemare\/wp-content\/uploads\/sites\/8\/2026\/01\/1-1.png 400w, https:\/\/network.cresciamoinsieme.gemos.it\/unionerubiconemare\/wp-content\/uploads\/sites\/8\/2026\/01\/1-1-300x300.png 300w, https:\/\/network.cresciamoinsieme.gemos.it\/unionerubiconemare\/wp-content\/uploads\/sites\/8\/2026\/01\/1-1-150x150.png 150w\" sizes=\"auto, (max-width: 400px) 100vw, 400px\" \/><\/figure>\n<\/div>\n\n\n\n<div class=\"wp-block-column is-layout-flow wp-block-column-is-layout-flow\">\n<figure class=\"wp-block-image aligncenter size-full\"><img loading=\"lazy\" decoding=\"async\" width=\"400\" height=\"400\" src=\"https:\/\/network.cresciamoinsieme.gemos.it\/unionerubiconemare\/wp-content\/uploads\/sites\/8\/2026\/01\/2-1.png\" alt=\"\" class=\"wp-image-447\" srcset=\"https:\/\/network.cresciamoinsieme.gemos.it\/unionerubiconemare\/wp-content\/uploads\/sites\/8\/2026\/01\/2-1.png 400w, https:\/\/network.cresciamoinsieme.gemos.it\/unionerubiconemare\/wp-content\/uploads\/sites\/8\/2026\/01\/2-1-300x300.png 300w, https:\/\/network.cresciamoinsieme.gemos.it\/unionerubiconemare\/wp-content\/uploads\/sites\/8\/2026\/01\/2-1-150x150.png 150w\" sizes=\"auto, (max-width: 400px) 100vw, 400px\" \/><\/figure>\n<\/div>\n<\/div>\n\n\n\n<div class=\"wp-block-columns is-layout-flex wp-container-core-columns-is-layout-28f84493 wp-block-columns-is-layout-flex\">\n<div class=\"wp-block-column is-layout-flow wp-block-column-is-layout-flow\">\n<figure class=\"wp-block-image aligncenter size-full\"><img loading=\"lazy\" decoding=\"async\" width=\"400\" height=\"400\" src=\"http:\/\/network.cresciamoinsieme.gemos.it\/unionerubiconemare\/wp-content\/uploads\/sites\/8\/2026\/01\/3-1.png\" alt=\"\" class=\"wp-image-448\" srcset=\"https:\/\/network.cresciamoinsieme.gemos.it\/unionerubiconemare\/wp-content\/uploads\/sites\/8\/2026\/01\/3-1.png 400w, https:\/\/network.cresciamoinsieme.gemos.it\/unionerubiconemare\/wp-content\/uploads\/sites\/8\/2026\/01\/3-1-300x300.png 300w, https:\/\/network.cresciamoinsieme.gemos.it\/unionerubiconemare\/wp-content\/uploads\/sites\/8\/2026\/01\/3-1-150x150.png 150w\" sizes=\"auto, (max-width: 400px) 100vw, 400px\" \/><\/figure>\n<\/div>\n\n\n\n<div class=\"wp-block-column is-layout-flow wp-block-column-is-layout-flow\">\n<figure class=\"wp-block-image aligncenter size-full\"><img loading=\"lazy\" decoding=\"async\" width=\"400\" height=\"400\" src=\"https:\/\/network.cresciamoinsieme.gemos.it\/unionerubiconemare\/wp-content\/uploads\/sites\/8\/2026\/01\/4.png\" alt=\"\" class=\"wp-image-449\" srcset=\"https:\/\/network.cresciamoinsieme.gemos.it\/unionerubiconemare\/wp-content\/uploads\/sites\/8\/2026\/01\/4.png 400w, https:\/\/network.cresciamoinsieme.gemos.it\/unionerubiconemare\/wp-content\/uploads\/sites\/8\/2026\/01\/4-300x300.png 300w, https:\/\/network.cresciamoinsieme.gemos.it\/unionerubiconemare\/wp-content\/uploads\/sites\/8\/2026\/01\/4-150x150.png 150w\" sizes=\"auto, (max-width: 400px) 100vw, 400px\" \/><\/figure>\n<\/div>\n<\/div>\n\n\n\n<p>Le verdure verranno accolte e cucinate dalla cuoca del nido, <strong>Marilena<\/strong>, per poi diventare protagoniste delle attivit\u00e0 educative. I bambini potranno toccarle, osservarle, annusarle e manipolarle, sperimentando consistenze, colori e profumi diversi. Attraverso impasti con farina e semplici giochi manuali, l\u2019esperienza coinvolger\u00e0 tutti e cinque i sensi, trasformando il cibo in uno strumento di scoperta e conoscenza.<\/p>\n\n\n\n<p>L\u2019obiettivo del progetto \u00e8 accompagnare i pi\u00f9 piccoli, in modo naturale e divertente, verso una maggiore familiarit\u00e0 con le verdure, rafforzando fin dalla prima infanzia un rapporto positivo con un\u2019alimentazione sana ed equilibrata. Un percorso educativo che unisce nutrizione, gioco e sensorialit\u00e0, valorizzando il cibo come esperienza e occasione di crescita.<\/p>\n\n\n\n<figure class=\"wp-block-image aligncenter size-full\"><img loading=\"lazy\" decoding=\"async\" width=\"1080\" height=\"1692\" src=\"https:\/\/network.cresciamoinsieme.gemos.it\/unionerubiconemare\/wp-content\/uploads\/sites\/8\/2026\/01\/LA-VERDURA-PREZIOSA.jpg\" alt=\"\" class=\"wp-image-317\" srcset=\"https:\/\/network.cresciamoinsieme.gemos.it\/unionerubiconemare\/wp-content\/uploads\/sites\/8\/2026\/01\/LA-VERDURA-PREZIOSA.jpg 1080w, https:\/\/network.cresciamoinsieme.gemos.it\/unionerubiconemare\/wp-content\/uploads\/sites\/8\/2026\/01\/LA-VERDURA-PREZIOSA-191x300.jpg 191w, https:\/\/network.cresciamoinsieme.gemos.it\/unionerubiconemare\/wp-content\/uploads\/sites\/8\/2026\/01\/LA-VERDURA-PREZIOSA-654x1024.jpg 654w, https:\/\/network.cresciamoinsieme.gemos.it\/unionerubiconemare\/wp-content\/uploads\/sites\/8\/2026\/01\/LA-VERDURA-PREZIOSA-768x1203.jpg 768w, https:\/\/network.cresciamoinsieme.gemos.it\/unionerubiconemare\/wp-content\/uploads\/sites\/8\/2026\/01\/LA-VERDURA-PREZIOSA-980x1536.jpg 980w\" sizes=\"auto, (max-width: 1080px) 100vw, 1080px\" \/><\/figure>\n","protected":false},"excerpt":{"rendered":"<p>LA VERDURA \u00c8 PREZIOSA. All\u2019interno del Nido Il BrucoA San Mauro Pascoli un progetto di educazione alimentare per i pi\u00f9 piccoli A San Mauro Pascoli prende avvio \u201cLa verdura \u00e8 preziosa\u201d, un progetto di educazione alimentare rivolto ai bambini del Nido Il Bruco, pensato per favorire un primo e positivo avvicinamento al mondo vegetale attraverso [&hellip;]<\/p>\n","protected":false},"author":1,"featured_media":315,"comment_status":"open","ping_status":"open","sticky":false,"template":"","format":"standard","meta":{"_editorskit_title_hidden":false,"_editorskit_reading_time":0,"_editorskit_is_block_options_detached":false,"_editorskit_block_options_position":"{}","footnotes":""},"categories":[108],"tags":[129,128],"nf_school_contract":[100],"class_list":["post-314","post","type-post","status-publish","format-standard","has-post-thumbnail","hentry","category-notizie","tag-progetto","tag-verdure","nf_school_contract-unione-rubicone-mare"],"aioseo_notices":[],"_links":{"self":[{"href":"https:\/\/network.cresciamoinsieme.gemos.it\/unionerubiconemare\/wp-json\/wp\/v2\/posts\/314","targetHints":{"allow":["GET"]}}],"collection":[{"href":"https:\/\/network.cresciamoinsieme.gemos.it\/unionerubiconemare\/wp-json\/wp\/v2\/posts"}],"about":[{"href":"https:\/\/network.cresciamoinsieme.gemos.it\/unionerubiconemare\/wp-json\/wp\/v2\/types\/post"}],"author":[{"embeddable":true,"href":"https:\/\/network.cresciamoinsieme.gemos.it\/unionerubiconemare\/wp-json\/wp\/v2\/users\/1"}],"replies":[{"embeddable":true,"href":"https:\/\/network.cresciamoinsieme.gemos.it\/unionerubiconemare\/wp-json\/wp\/v2\/comments?post=314"}],"version-history":[{"count":4,"href":"https:\/\/network.cresciamoinsieme.gemos.it\/unionerubiconemare\/wp-json\/wp\/v2\/posts\/314\/revisions"}],"predecessor-version":[{"id":450,"href":"https:\/\/network.cresciamoinsieme.gemos.it\/unionerubiconemare\/wp-json\/wp\/v2\/posts\/314\/revisions\/450"}],"wp:featuredmedia":[{"embeddable":true,"href":"https:\/\/network.cresciamoinsieme.gemos.it\/unionerubiconemare\/wp-json\/wp\/v2\/media\/315"}],"wp:attachment":[{"href":"https:\/\/network.cresciamoinsieme.gemos.it\/unionerubiconemare\/wp-json\/wp\/v2\/media?parent=314"}],"wp:term":[{"taxonomy":"category","embeddable":true,"href":"https:\/\/network.cresciamoinsieme.gemos.it\/unionerubiconemare\/wp-json\/wp\/v2\/categories?post=314"},{"taxonomy":"post_tag","embeddable":true,"href":"https:\/\/network.cresciamoinsieme.gemos.it\/unionerubiconemare\/wp-json\/wp\/v2\/tags?post=314"},{"taxonomy":"nf_school_contract","embeddable":true,"href":"https:\/\/network.cresciamoinsieme.gemos.it\/unionerubiconemare\/wp-json\/wp\/v2\/nf_school_contract?post=314"}],"curies":[{"name":"wp","href":"https:\/\/api.w.org\/{rel}","templated":true}]}}