{"id":284,"date":"2026-01-19T08:56:48","date_gmt":"2026-01-19T07:56:48","guid":{"rendered":"https:\/\/network.cresciamoinsieme.gemos.it\/unionerubiconemare\/?p=284"},"modified":"2026-01-19T08:56:50","modified_gmt":"2026-01-19T07:56:50","slug":"la-vitamina-c-un-alleato-per-la-nostra-salute","status":"publish","type":"post","link":"https:\/\/network.cresciamoinsieme.gemos.it\/unionerubiconemare\/2026\/01\/19\/la-vitamina-c-un-alleato-per-la-nostra-salute\/","title":{"rendered":"La Vitamina C&#8230;un alleato per la nostra salute"},"content":{"rendered":"\n<p>La vitamina C, o anche conosciuta come acido ascorbico, \u00e8 uno dei micronutrienti pi\u00f9 famosi al mondo, di cui spesso ne sottovalutiamo l&#8217;importanza o ignoriamo quali siano le fonti alimentari pi\u00f9 efficaci per assumerla. Essendo una vitamina&nbsp;idrosolubile, il nostro corpo non \u00e8 in grado di accumularne scorte e per questo motivo \u00e8 fondamentale integrarla ogni giorno attraverso una dieta corretta.<\/p>\n\n\n\n<p><strong>Dove la troviamo?<\/strong> In tantissime tipologie di frutta e verdura, specialmente crude!<\/p>\n\n\n\n<p>Ecco i 10 alimenti pi\u00f9 ricchi di Vitamina C:<\/p>\n\n\n\n<ol start=\"1\" class=\"wp-block-list\">\n<li><strong>Peperoni crudi<\/strong><\/li>\n\n\n\n<li><strong>Rucola<\/strong><\/li>\n\n\n\n<li><strong>Kiwi<\/strong><\/li>\n\n\n\n<li><strong>Broccoli e cavoli<\/strong><\/li>\n\n\n\n<li><strong>Fragole<\/strong><\/li>\n\n\n\n<li><strong>Arance e Agrumi<\/strong><\/li>\n\n\n\n<li><strong>Papaya e Mango<\/strong><\/li>\n\n\n\n<li><strong>Pomodori<\/strong><\/li>\n\n\n\n<li><strong>Ribes e frutti di bosco<\/strong>\u00a0<\/li>\n<\/ol>\n\n\n\n<p>\u00c8 importante assumere la vitamina quotidianamente, perch\u00e9 ci aiuta a <strong>rafforzare il nostro sistema immunitario<\/strong> e a svolgere <strong>funzioni antiossidanti<\/strong>, prevenendo l\u2019invecchiamento e molte malattie.<\/p>\n\n\n\n<p>Nel periodo invernale, consuma ogni giorno arancia, mandarini e qualche spremuta, per difenderti dal raffreddore!<\/p>\n\n\n\n<p>Altre funzioni importanti sono:<\/p>\n\n\n\n<ul class=\"wp-block-list\">\n<li><strong>La produzione di collagene:<\/strong>\u00a0fondamentale per la salute di pelle, vasi sanguigni, ossa e cartilagini<\/li>\n<\/ul>\n\n\n\n<ul class=\"wp-block-list\">\n<li><strong>L\u2019assorbimento del Ferro, soprattutto quello non-eme dei vegetali:<\/strong> un trucchetto per facilitarne l\u2019assorbimento \u00e8 quello di consumare gli spinaci con un po\u2019 di limone oppure abbinarli ai peperoni!<\/li>\n\n\n\n<li><strong>La modulazione del Microbiota intestinale<\/strong><\/li>\n<\/ul>\n\n\n\n<p><strong>Alcuni consigli per l&#8217;assunzione<\/strong><\/p>\n\n\n\n<p>Essendo una vitamina idrosolubile e termolabile, viene facilmente distrutta dal calore e dispersa nell&#8217;acqua di cottura.&nbsp;<\/p>\n\n\n\n<p>Quando possibile, prediligere la frutta e la verdura cruda, oppure cotture a vapore o cotture brevi.<\/p>\n\n\n\n<div style=\"height:100px\" aria-hidden=\"true\" class=\"wp-block-spacer\"><\/div>\n\n\n\n<figure class=\"wp-block-image aligncenter size-large\"><img loading=\"lazy\" decoding=\"async\" width=\"683\" height=\"1024\" src=\"https:\/\/network.cresciamoinsieme.gemos.it\/unionerubiconemare\/wp-content\/uploads\/sites\/8\/2026\/01\/img_vitamina-c-683x1024.jpg\" alt=\"\" class=\"wp-image-285\" srcset=\"https:\/\/network.cresciamoinsieme.gemos.it\/unionerubiconemare\/wp-content\/uploads\/sites\/8\/2026\/01\/img_vitamina-c-683x1024.jpg 683w, https:\/\/network.cresciamoinsieme.gemos.it\/unionerubiconemare\/wp-content\/uploads\/sites\/8\/2026\/01\/img_vitamina-c-200x300.jpg 200w, https:\/\/network.cresciamoinsieme.gemos.it\/unionerubiconemare\/wp-content\/uploads\/sites\/8\/2026\/01\/img_vitamina-c-768x1152.jpg 768w, https:\/\/network.cresciamoinsieme.gemos.it\/unionerubiconemare\/wp-content\/uploads\/sites\/8\/2026\/01\/img_vitamina-c.jpg 1024w\" sizes=\"auto, (max-width: 683px) 100vw, 683px\" \/><\/figure>\n","protected":false},"excerpt":{"rendered":"<p>La vitamina C, o anche conosciuta come acido ascorbico, \u00e8 uno dei micronutrienti pi\u00f9 famosi al mondo, di cui spesso ne sottovalutiamo l&#8217;importanza o ignoriamo quali siano le fonti alimentari pi\u00f9 efficaci per assumerla. Essendo una vitamina&nbsp;idrosolubile, il nostro corpo non \u00e8 in grado di accumularne scorte e per questo motivo \u00e8 fondamentale integrarla ogni [&hellip;]<\/p>\n","protected":false},"author":1,"featured_media":286,"comment_status":"open","ping_status":"open","sticky":false,"template":"","format":"standard","meta":{"_editorskit_title_hidden":false,"_editorskit_reading_time":0,"_editorskit_is_block_options_detached":false,"_editorskit_block_options_position":"{}","footnotes":""},"categories":[108],"tags":[127],"nf_school_contract":[100],"class_list":["post-284","post","type-post","status-publish","format-standard","has-post-thumbnail","hentry","category-notizie","tag-vitamina-c","nf_school_contract-unione-rubicone-mare"],"aioseo_notices":[],"_links":{"self":[{"href":"https:\/\/network.cresciamoinsieme.gemos.it\/unionerubiconemare\/wp-json\/wp\/v2\/posts\/284","targetHints":{"allow":["GET"]}}],"collection":[{"href":"https:\/\/network.cresciamoinsieme.gemos.it\/unionerubiconemare\/wp-json\/wp\/v2\/posts"}],"about":[{"href":"https:\/\/network.cresciamoinsieme.gemos.it\/unionerubiconemare\/wp-json\/wp\/v2\/types\/post"}],"author":[{"embeddable":true,"href":"https:\/\/network.cresciamoinsieme.gemos.it\/unionerubiconemare\/wp-json\/wp\/v2\/users\/1"}],"replies":[{"embeddable":true,"href":"https:\/\/network.cresciamoinsieme.gemos.it\/unionerubiconemare\/wp-json\/wp\/v2\/comments?post=284"}],"version-history":[{"count":1,"href":"https:\/\/network.cresciamoinsieme.gemos.it\/unionerubiconemare\/wp-json\/wp\/v2\/posts\/284\/revisions"}],"predecessor-version":[{"id":287,"href":"https:\/\/network.cresciamoinsieme.gemos.it\/unionerubiconemare\/wp-json\/wp\/v2\/posts\/284\/revisions\/287"}],"wp:featuredmedia":[{"embeddable":true,"href":"https:\/\/network.cresciamoinsieme.gemos.it\/unionerubiconemare\/wp-json\/wp\/v2\/media\/286"}],"wp:attachment":[{"href":"https:\/\/network.cresciamoinsieme.gemos.it\/unionerubiconemare\/wp-json\/wp\/v2\/media?parent=284"}],"wp:term":[{"taxonomy":"category","embeddable":true,"href":"https:\/\/network.cresciamoinsieme.gemos.it\/unionerubiconemare\/wp-json\/wp\/v2\/categories?post=284"},{"taxonomy":"post_tag","embeddable":true,"href":"https:\/\/network.cresciamoinsieme.gemos.it\/unionerubiconemare\/wp-json\/wp\/v2\/tags?post=284"},{"taxonomy":"nf_school_contract","embeddable":true,"href":"https:\/\/network.cresciamoinsieme.gemos.it\/unionerubiconemare\/wp-json\/wp\/v2\/nf_school_contract?post=284"}],"curies":[{"name":"wp","href":"https:\/\/api.w.org\/{rel}","templated":true}]}}